{"id":603,"date":"2023-06-30T17:46:51","date_gmt":"2023-06-30T17:46:51","guid":{"rendered":"https:\/\/buerger-fuer-chemnitz.com\/?p=603"},"modified":"2023-07-11T17:53:17","modified_gmt":"2023-07-11T17:53:17","slug":"stadtteilfest-im-yorckgebiet","status":"publish","type":"post","link":"https:\/\/buerger-fuer-chemnitz.com\/?p=603","title":{"rendered":"Stadtteilfest im Yorckgebiet"},"content":{"rendered":"\n[et_pb_section fb_built=&#8220;1&#8243; _builder_version=&#8220;4.21.0&#8243; _module_preset=&#8220;default&#8220; custom_padding=&#8220;18px|||||&#8220; global_colors_info=&#8220;{}&#8220; theme_builder_area=&#8220;post_content&#8220;][et_pb_row _builder_version=&#8220;4.21.0&#8243; _module_preset=&#8220;default&#8220; custom_padding=&#8220;0px|||||&#8220; global_colors_info=&#8220;{}&#8220; theme_builder_area=&#8220;post_content&#8220;][et_pb_column type=&#8220;4_4&#8243; _builder_version=&#8220;4.21.0&#8243; _module_preset=&#8220;default&#8220; global_colors_info=&#8220;{}&#8220; theme_builder_area=&#8220;post_content&#8220;][et_pb_text _builder_version=&#8220;4.21.0&#8243; _module_preset=&#8220;default&#8220; text_font=&#8220;Arial||||||||&#8220; global_colors_info=&#8220;{}&#8220; theme_builder_area=&#8220;post_content&#8220;]<p><em>Beitrag von Oliver Treydel<\/em><\/p>\n<p>Nach der coronabedingten Pause feierten die Anwohner des Yorckgebietes am 29.06.23 endlich wieder ihren kleinen Stadtteil. Die vielen Spiel- und Sportst\u00e4nde wurden schnell von Kindern des Wohngebietes belagert, Zuckerwatte und Popcorn gingen weg und die H\u00fcpfburg war nie leer. Auf der B\u00fchne standen auch zum ersten Mal die Blechbl\u00e4serkinder der Makarenko-Grundschule. Eine in Sachsen wohl seltene Musikgruppe an einer Grundschule. Mit fast 3000 \u20ac wurde die Anschaffung der Blechblasinstrumente schon 2020 durch die B\u00fcrgerplattform MitteOst (Gablenz\/Yorckgebiet) gef\u00f6rdert. <a href=\"http:\/\/www.knappteich.de\"><\/a><\/p>[\/et_pb_text][\/et_pb_column][\/et_pb_row][et_pb_row _builder_version=&#8220;4.21.0&#8243; _module_preset=&#8220;default&#8220; theme_builder_area=&#8220;post_content&#8220;][et_pb_column _builder_version=&#8220;4.21.0&#8243; _module_preset=&#8220;default&#8220; type=&#8220;4_4&#8243; theme_builder_area=&#8220;post_content&#8220;][et_pb_image src=&#8220;https:\/\/buerger-fuer-chemnitz.com\/wp-content\/uploads\/2023\/07\/20230629_1514081.jpg&#8220; _builder_version=&#8220;4.21.0&#8243; _module_preset=&#8220;default&#8220; theme_builder_area=&#8220;post_content&#8220; title_text=&#8220;20230629_151408%911%93&#8243; hover_enabled=&#8220;0&#8243; sticky_enabled=&#8220;0&#8243; custom_margin=&#8220;||141px|||&#8220; min_height=&#8220;592px&#8220;][\/et_pb_image][\/et_pb_column][\/et_pb_row][\/et_pb_section]\n","protected":false},"excerpt":{"rendered":"<p>Beitrag von Oliver Treydel Nach der coronabedingten Pause feierten die Anwohner des Yorckgebietes am 29.06.23 endlich wieder ihren kleinen Stadtteil. Die vielen Spiel- und Sportst\u00e4nde wurden schnell von Kindern des Wohngebietes belagert, Zuckerwatte und Popcorn gingen weg und die H\u00fcpfburg war nie leer. Auf der B\u00fchne standen auch zum ersten Mal die Blechbl\u00e4serkinder der Makarenko-Grundschule. [&hellip;]<\/p>\n","protected":false},"author":2,"featured_media":611,"comment_status":"open","ping_status":"open","sticky":false,"template":"","format":"standard","meta":{"_et_pb_use_builder":"on","_et_pb_old_content":"","_et_gb_content_width":"2880","footnotes":""},"categories":[9],"tags":[35,36,21,34,37,33,27],"aioseo_notices":[],"_links":{"self":[{"href":"https:\/\/buerger-fuer-chemnitz.com\/index.php?rest_route=\/wp\/v2\/posts\/603"}],"collection":[{"href":"https:\/\/buerger-fuer-chemnitz.com\/index.php?rest_route=\/wp\/v2\/posts"}],"about":[{"href":"https:\/\/buerger-fuer-chemnitz.com\/index.php?rest_route=\/wp\/v2\/types\/post"}],"author":[{"embeddable":true,"href":"https:\/\/buerger-fuer-chemnitz.com\/index.php?rest_route=\/wp\/v2\/users\/2"}],"replies":[{"embeddable":true,"href":"https:\/\/buerger-fuer-chemnitz.com\/index.php?rest_route=%2Fwp%2Fv2%2Fcomments&post=603"}],"version-history":[{"count":3,"href":"https:\/\/buerger-fuer-chemnitz.com\/index.php?rest_route=\/wp\/v2\/posts\/603\/revisions"}],"predecessor-version":[{"id":612,"href":"https:\/\/buerger-fuer-chemnitz.com\/index.php?rest_route=\/wp\/v2\/posts\/603\/revisions\/612"}],"wp:featuredmedia":[{"embeddable":true,"href":"https:\/\/buerger-fuer-chemnitz.com\/index.php?rest_route=\/wp\/v2\/media\/611"}],"wp:attachment":[{"href":"https:\/\/buerger-fuer-chemnitz.com\/index.php?rest_route=%2Fwp%2Fv2%2Fmedia&parent=603"}],"wp:term":[{"taxonomy":"category","embeddable":true,"href":"https:\/\/buerger-fuer-chemnitz.com\/index.php?rest_route=%2Fwp%2Fv2%2Fcategories&post=603"},{"taxonomy":"post_tag","embeddable":true,"href":"https:\/\/buerger-fuer-chemnitz.com\/index.php?rest_route=%2Fwp%2Fv2%2Ftags&post=603"}],"curies":[{"name":"wp","href":"https:\/\/api.w.org\/{rel}","templated":true}]}}