{"id":614,"date":"2023-07-01T17:54:37","date_gmt":"2023-07-01T17:54:37","guid":{"rendered":"https:\/\/buerger-fuer-chemnitz.com\/?p=614"},"modified":"2023-07-11T20:25:17","modified_gmt":"2023-07-11T20:25:17","slug":"raketenstart-in-kappel","status":"publish","type":"post","link":"https:\/\/buerger-fuer-chemnitz.com\/?p=614","title":{"rendered":"Raketenstart in Kappel"},"content":{"rendered":"\n[et_pb_section fb_built=&#8220;1&#8243; _builder_version=&#8220;4.21.0&#8243; _module_preset=&#8220;default&#8220; custom_padding=&#8220;18px|||||&#8220; global_colors_info=&#8220;{}&#8220; theme_builder_area=&#8220;post_content&#8220;][et_pb_row _builder_version=&#8220;4.21.0&#8243; _module_preset=&#8220;default&#8220; custom_padding=&#8220;0px|||||&#8220; global_colors_info=&#8220;{}&#8220; theme_builder_area=&#8220;post_content&#8220;][et_pb_column type=&#8220;4_4&#8243; _builder_version=&#8220;4.21.0&#8243; _module_preset=&#8220;default&#8220; global_colors_info=&#8220;{}&#8220; theme_builder_area=&#8220;post_content&#8220;][et_pb_text _builder_version=&#8220;4.21.0&#8243; _module_preset=&#8220;default&#8220; text_font=&#8220;Arial||||||||&#8220; global_colors_info=&#8220;{}&#8220; theme_builder_area=&#8220;post_content&#8220;]<p><em>Beitrag von Oliver Treydel<\/em><\/p>\n<p>Am 30. Juni 2023 feierten viele Kinder mit ihren Eltern oder Gro\u00dfeltern den 60. Geburtstag der Valentina-Tereschkowa-Schule an der Stollberger Stra\u00dfe. Diese wurde vor 61 Jahren als Oberschule gegr\u00fcndet, aktuell befinden sich eine Grundschule und der Kinderhort Kappelino in dem Geb\u00e4ude. Da jedoch im letzten Jahr die Corona Restriktionen die Geburtstagsfeier verhinderten, wurde nun im 61. Jahr die Feier zum Sechzigsten nachgeholt.<\/p>\n<p>H\u00f6hepunkt der Feier, wie sollte es anders in einer Schule sein, die nach der ersten Frau im Weltall benannt wurde, war der Start selbstgebauter Raketen. Diese hatten die Kinder mit Hilfe der Freunde des Kosmonautenzentrums &#8222;Sigmund J\u00e4hn&#8220; von der K\u00fcchwaldwiese entwickelt.<\/p>\n<p>https:\/\/gs-tereschkowa.de\/web\/<br \/>https:\/\/www.solaris-fzu.de\/digital-bar\/kinderhort-kappelino.html<\/p>[\/et_pb_text][\/et_pb_column][\/et_pb_row][\/et_pb_section]\n","protected":false},"excerpt":{"rendered":"<p>Beitrag von Oliver Treydel Am 30. Juni 2023 feierten viele Kinder mit ihren Eltern oder Gro\u00dfeltern den 60. Geburtstag der Valentina-Tereschkowa-Schule an der Stollberger Stra\u00dfe. Diese wurde vor 61 Jahren als Oberschule gegr\u00fcndet, aktuell befinden sich eine Grundschule und der Kinderhort Kappelino in dem Geb\u00e4ude. Da jedoch im letzten Jahr die Corona Restriktionen die Geburtstagsfeier [&hellip;]<\/p>\n","protected":false},"author":2,"featured_media":615,"comment_status":"open","ping_status":"open","sticky":false,"template":"","format":"standard","meta":{"_et_pb_use_builder":"on","_et_pb_old_content":"","_et_gb_content_width":"2880","footnotes":""},"categories":[9],"tags":[21,39,41,40,38],"aioseo_notices":[],"_links":{"self":[{"href":"https:\/\/buerger-fuer-chemnitz.com\/index.php?rest_route=\/wp\/v2\/posts\/614"}],"collection":[{"href":"https:\/\/buerger-fuer-chemnitz.com\/index.php?rest_route=\/wp\/v2\/posts"}],"about":[{"href":"https:\/\/buerger-fuer-chemnitz.com\/index.php?rest_route=\/wp\/v2\/types\/post"}],"author":[{"embeddable":true,"href":"https:\/\/buerger-fuer-chemnitz.com\/index.php?rest_route=\/wp\/v2\/users\/2"}],"replies":[{"embeddable":true,"href":"https:\/\/buerger-fuer-chemnitz.com\/index.php?rest_route=%2Fwp%2Fv2%2Fcomments&post=614"}],"version-history":[{"count":3,"href":"https:\/\/buerger-fuer-chemnitz.com\/index.php?rest_route=\/wp\/v2\/posts\/614\/revisions"}],"predecessor-version":[{"id":619,"href":"https:\/\/buerger-fuer-chemnitz.com\/index.php?rest_route=\/wp\/v2\/posts\/614\/revisions\/619"}],"wp:featuredmedia":[{"embeddable":true,"href":"https:\/\/buerger-fuer-chemnitz.com\/index.php?rest_route=\/wp\/v2\/media\/615"}],"wp:attachment":[{"href":"https:\/\/buerger-fuer-chemnitz.com\/index.php?rest_route=%2Fwp%2Fv2%2Fmedia&parent=614"}],"wp:term":[{"taxonomy":"category","embeddable":true,"href":"https:\/\/buerger-fuer-chemnitz.com\/index.php?rest_route=%2Fwp%2Fv2%2Fcategories&post=614"},{"taxonomy":"post_tag","embeddable":true,"href":"https:\/\/buerger-fuer-chemnitz.com\/index.php?rest_route=%2Fwp%2Fv2%2Ftags&post=614"}],"curies":[{"name":"wp","href":"https:\/\/api.w.org\/{rel}","templated":true}]}}