{"id":671,"date":"2023-08-08T17:32:46","date_gmt":"2023-08-08T17:32:46","guid":{"rendered":"https:\/\/buerger-fuer-chemnitz.com\/?p=671"},"modified":"2023-09-03T17:46:30","modified_gmt":"2023-09-03T17:46:30","slug":"der-spaeti-macht-zu","status":"publish","type":"post","link":"https:\/\/buerger-fuer-chemnitz.com\/?p=671","title":{"rendered":"Der Sp\u00e4ti macht zu"},"content":{"rendered":"\n[et_pb_section fb_built=&#8220;1&#8243; _builder_version=&#8220;4.21.0&#8243; _module_preset=&#8220;default&#8220; custom_padding=&#8220;18px|||||&#8220; global_colors_info=&#8220;{}&#8220; theme_builder_area=&#8220;post_content&#8220;][et_pb_row _builder_version=&#8220;4.21.0&#8243; _module_preset=&#8220;default&#8220; custom_padding=&#8220;0px|||||&#8220; global_colors_info=&#8220;{}&#8220; theme_builder_area=&#8220;post_content&#8220;][et_pb_column type=&#8220;4_4&#8243; _builder_version=&#8220;4.21.0&#8243; _module_preset=&#8220;default&#8220; global_colors_info=&#8220;{}&#8220; theme_builder_area=&#8220;post_content&#8220;][et_pb_text _builder_version=&#8220;4.21.0&#8243; _module_preset=&#8220;default&#8220; text_font=&#8220;Arial||||||||&#8220; global_colors_info=&#8220;{}&#8220; theme_builder_area=&#8220;post_content&#8220;]<p><em>Beitrag von Oliver Treydel<\/em><\/p>\n<p>Der durch eine Studentengruppe gef\u00fchrte Sp\u00e4ti auf dem Sonnenberg hat geschlossen. Laut Ver\u00f6ffentlichungen in der Telegram-Gruppe passierte dies wohl fast \u00fcber Nacht. Die Sp\u00e4tiGruppe \u00fcbernahm das Eckgeb\u00e4ude an der Jakobstra\u00dfe 42 vor fast 3 Jahren. Als Tr\u00e4ger des Projektes fand sich der Klub Solit\u00e4r e.V. Der Unternehmer Lars Fa\u00dfmann steht hinter dem Verein und unterst\u00fctzt die alternative Kunst- und KulturSzene der Stadt Chemnitz bereits seit Jahren zusammen mit Mandy Knospe Vorstand im Klub Solit\u00e4r e.V. <br \/>Die Tr\u00e4gerschaft f\u00fcr die Sp\u00e4ti-Gruppe scheint abrupt beendet worden zu sein, sowie die damit verbundene \u00dcberlassung der R\u00e4ume. Der Sp\u00e4ti scheint ohne K\u00fcndigungsfrist mit einem R\u00e4umungsverkauf, Abschluss-Veranstaltung oder Umzug aus der Tr\u00e4gerschaft entfernt worden zu sein. Man hatte einen neuen Verein &#8222;Gute Zieten e.V.&#8220; gegr\u00fcndet und wollte die Kooperation mit dem Klub Solit\u00e4r e.V. sogar vertiefen. Die sofortige Beendigung der Zusammenarbeit lies die Gruppe &#8222;\u00fcberrascht, \u00fcberfordert und traurig&#8220; zur\u00fcck. Wie tief das Zerw\u00fcrfnis scheint, l\u00e4\u00dft sich an den Aussagen im Chat sehen, wo man sogar den Instagram-Account vom Sp\u00e4ti von Seiten des Klub Solit\u00e4r e.V. nicht freigegeben hat. Nur kurze Zeit nach dem Beitrag im Chat wurde der Sp\u00e4ti mit einer Graffi-Aktion AFA (Anti-Fa\u00dfmann-Aktion) bemalt.<\/p>\n<p>Aktuell sucht die Gruppe einen neuen Ort f\u00fcr den Sp\u00e4ti.\u00a0<\/p>\n<p><a href=\"https:\/\/www.klub-solitaer.de\/spaeti\">https:\/\/www.klub-solitaer.de\/spaeti<\/a><br \/><a href=\"https:\/\/sonnenberg-chemnitz.de\/21769\/zdf-berichtet-ueber-verschiedene-projekte-auf-dem-sonnenberg\/\">https:\/\/sonnenberg-chemnitz.de\/21769\/zdf-berichtet-ueber-verschiedene-projekte-auf-dem-sonnenberg\/<\/a><br \/><a href=\"https:\/\/www.tag24.de\/chemnitz\/chemnitz-sonnenberg-spaeti-eck-kiosk-treff-jakobstrasse-zietenstrasse-1622704\">https:\/\/www.tag24.de\/chemnitz\/chemnitz-sonnenberg-spaeti-eck-kiosk-treff-jakobstrasse-zietenstrasse-1622704<\/a><\/p>\n<p>Die Auseinandersetzung wird \u00fcber die \u00f6ffentlichen Medien ausgetragen, statt sich zusammenzusetzen.<\/p>\n<p><a href=\"https:\/\/www.tag24.de\/chemnitz\/lokales\/gute-zieten-schlechte-zieten-spaeti-zoff-auf-dem-sonnenberg-2917455\">https:\/\/www.tag24.de\/chemnitz\/lokales\/gute-zieten-schlechte-zieten-spaeti-zoff-auf-dem-sonnenberg-2917455<\/a><\/p>\n<p><em>Meinung:<\/em><\/p>\n<p>Der urspr\u00fcnglich als Aktions-Projekt gef\u00fchrte Sp\u00e4ti fand in der Studentengruppe schnell Zuspruch und wurde gern genutzt. Auch Anwohner kamen vorbei und fanden Spa\u00df an den kreativen Spielen im Sp\u00e4ti. Erst in den letzten zwei Jahren hat eine Neuausrichtungen stattgefunden. Mit Aktionen von Vulva-Keramiken bis hin zu Vortr\u00e4gen der &#8222;Letzten Generation&#8220; sowie Werbung f\u00fcr das AJZ und den SUBBOTNIK hat sich der Sp\u00e4ti tief in die Chemnitzer Subkultur hinein entwickelt. Ich vermute, dass diese Neuausrichtung dem Projekttr\u00e4ger nicht zugesagt hatte und man sich dann von den Akteuren und dem Projekt verabschiedet hat. Die Graffiti-Aktion unmittelbar nach dieser unsch\u00f6nen Auseinandersetzung wird die Fronten verh\u00e4rtet haben. Die aktuelle Standort-Suche wird durch solche Aktionen extrem erschwert, denn ein neuer Vermieter m\u00f6chte sicher nicht mit diesen &#8222;K\u00fcnstlern&#8220; im Schlepptau einen neuen Sp\u00e4ti er\u00f6ffnen.<\/p>[\/et_pb_text][\/et_pb_column][\/et_pb_row][et_pb_row _builder_version=&#8220;4.22.1&#8243; _module_preset=&#8220;default&#8220; global_colors_info=&#8220;{}&#8220; theme_builder_area=&#8220;post_content&#8220;][et_pb_column type=&#8220;4_4&#8243; _builder_version=&#8220;4.22.1&#8243; _module_preset=&#8220;default&#8220; global_colors_info=&#8220;{}&#8220; theme_builder_area=&#8220;post_content&#8220;][\/et_pb_column][\/et_pb_row][\/et_pb_section]\n","protected":false},"excerpt":{"rendered":"<p>Beitrag von Oliver Treydel Der durch eine Studentengruppe gef\u00fchrte Sp\u00e4ti auf dem Sonnenberg hat geschlossen. Laut Ver\u00f6ffentlichungen in der Telegram-Gruppe passierte dies wohl fast \u00fcber Nacht. Die Sp\u00e4tiGruppe \u00fcbernahm das Eckgeb\u00e4ude an der Jakobstra\u00dfe 42 vor fast 3 Jahren. Als Tr\u00e4ger des Projektes fand sich der Klub Solit\u00e4r e.V. Der Unternehmer Lars Fa\u00dfmann steht hinter [&hellip;]<\/p>\n","protected":false},"author":2,"featured_media":675,"comment_status":"open","ping_status":"open","sticky":false,"template":"","format":"standard","meta":{"_et_pb_use_builder":"on","_et_pb_old_content":"","_et_gb_content_width":"2880","footnotes":""},"categories":[9],"tags":[54,51,52,53,48,49,50],"aioseo_notices":[],"_links":{"self":[{"href":"https:\/\/buerger-fuer-chemnitz.com\/index.php?rest_route=\/wp\/v2\/posts\/671"}],"collection":[{"href":"https:\/\/buerger-fuer-chemnitz.com\/index.php?rest_route=\/wp\/v2\/posts"}],"about":[{"href":"https:\/\/buerger-fuer-chemnitz.com\/index.php?rest_route=\/wp\/v2\/types\/post"}],"author":[{"embeddable":true,"href":"https:\/\/buerger-fuer-chemnitz.com\/index.php?rest_route=\/wp\/v2\/users\/2"}],"replies":[{"embeddable":true,"href":"https:\/\/buerger-fuer-chemnitz.com\/index.php?rest_route=%2Fwp%2Fv2%2Fcomments&post=671"}],"version-history":[{"count":3,"href":"https:\/\/buerger-fuer-chemnitz.com\/index.php?rest_route=\/wp\/v2\/posts\/671\/revisions"}],"predecessor-version":[{"id":677,"href":"https:\/\/buerger-fuer-chemnitz.com\/index.php?rest_route=\/wp\/v2\/posts\/671\/revisions\/677"}],"wp:featuredmedia":[{"embeddable":true,"href":"https:\/\/buerger-fuer-chemnitz.com\/index.php?rest_route=\/wp\/v2\/media\/675"}],"wp:attachment":[{"href":"https:\/\/buerger-fuer-chemnitz.com\/index.php?rest_route=%2Fwp%2Fv2%2Fmedia&parent=671"}],"wp:term":[{"taxonomy":"category","embeddable":true,"href":"https:\/\/buerger-fuer-chemnitz.com\/index.php?rest_route=%2Fwp%2Fv2%2Fcategories&post=671"},{"taxonomy":"post_tag","embeddable":true,"href":"https:\/\/buerger-fuer-chemnitz.com\/index.php?rest_route=%2Fwp%2Fv2%2Ftags&post=671"}],"curies":[{"name":"wp","href":"https:\/\/api.w.org\/{rel}","templated":true}]}}