{"id":678,"date":"2023-08-02T17:51:26","date_gmt":"2023-08-02T17:51:26","guid":{"rendered":"https:\/\/buerger-fuer-chemnitz.com\/?p=678"},"modified":"2023-09-03T18:02:50","modified_gmt":"2023-09-03T18:02:50","slug":"juz-neukirchen","status":"publish","type":"post","link":"https:\/\/buerger-fuer-chemnitz.com\/?p=678","title":{"rendered":"JUZ Neukirchen"},"content":{"rendered":"\n[et_pb_section fb_built=&#8220;1&#8243; _builder_version=&#8220;4.21.0&#8243; _module_preset=&#8220;default&#8220; custom_padding=&#8220;18px|||||&#8220; global_colors_info=&#8220;{}&#8220; theme_builder_area=&#8220;post_content&#8220;][et_pb_row _builder_version=&#8220;4.21.0&#8243; _module_preset=&#8220;default&#8220; custom_padding=&#8220;0px|||||&#8220; global_colors_info=&#8220;{}&#8220; theme_builder_area=&#8220;post_content&#8220;][et_pb_column type=&#8220;4_4&#8243; _builder_version=&#8220;4.21.0&#8243; _module_preset=&#8220;default&#8220; global_colors_info=&#8220;{}&#8220; theme_builder_area=&#8220;post_content&#8220;][et_pb_text _builder_version=&#8220;4.21.0&#8243; _module_preset=&#8220;default&#8220; text_font=&#8220;Arial||||||||&#8220; global_colors_info=&#8220;{}&#8220; theme_builder_area=&#8220;post_content&#8220;]<p><em><\/em><\/p>\n<p><em>Beitrag von Oliver Treydel<\/em><\/p>\n<p>Der Jugendfreizeitclub in Neukirchen erfreut sich bei den Jugendlichen aktuell gro\u00dfer Beliebtheit. Das Team um Carla Reinhardt und Marco Gr\u00fcnberg finden immer wieder passende Angebote f\u00fcr die Heranwachsenden. Ende Juli wurde ein Auto vollgestopft mit Zelten und Campingzubeh\u00f6r und es ging ab nach Lauenhain an die Zschopau. Camping, Wandern, Kanufahren &#8230; und schlechtes Wetter (geh\u00f6rt wohl zu jedem Camping).<\/p>\n<p>Jahnstra\u00dfe 8, Neukirchen 0173 2701232 juzneukirchen@outlook.de<\/p>\n<p><a href=\"https:\/\/www.freiepresse.de\/erzgebirge\/stollberg\/neukirchener-jugendzentrum-startet-mit-neuen-projekten-artikel12416389\">https:\/\/www.freiepresse.de\/erzgebirge\/stollberg\/neukirchener-jugendzentrum-startet-mit-neuen-projekten-artikel12416389<\/a><br \/><a href=\"https:\/\/www.facebook.com\/juzneukirchen\/\">https:\/\/www.facebook.com\/juzneukirchen\/<\/a><br \/><a href=\"https:\/\/www.facebook.com\/reel\/956250568970353\">https:\/\/www.facebook.com\/reel\/956250568970353<\/a><\/p>\n<p>Diese Freizeittreffs f\u00fcr junge Menschen m\u00fcssen in allen Stadtgebieten erhalten bleiben. Sie bieten eine gesch\u00fctzte Umgebung ohne Eltern.<\/p>\n<p>&nbsp;<\/p>[\/et_pb_text][\/et_pb_column][\/et_pb_row][et_pb_row _builder_version=&#8220;4.22.1&#8243; _module_preset=&#8220;default&#8220; global_colors_info=&#8220;{}&#8220; theme_builder_area=&#8220;post_content&#8220;][et_pb_column type=&#8220;4_4&#8243; _builder_version=&#8220;4.22.1&#8243; _module_preset=&#8220;default&#8220; global_colors_info=&#8220;{}&#8220; theme_builder_area=&#8220;post_content&#8220;][\/et_pb_column][\/et_pb_row][\/et_pb_section]\n","protected":false},"excerpt":{"rendered":"<p>Beitrag von Oliver Treydel Der Jugendfreizeitclub in Neukirchen erfreut sich bei den Jugendlichen aktuell gro\u00dfer Beliebtheit. Das Team um Carla Reinhardt und Marco Gr\u00fcnberg finden immer wieder passende Angebote f\u00fcr die Heranwachsenden. Ende Juli wurde ein Auto vollgestopft mit Zelten und Campingzubeh\u00f6r und es ging ab nach Lauenhain an die Zschopau. Camping, Wandern, Kanufahren &#8230; [&hellip;]<\/p>\n","protected":false},"author":2,"featured_media":682,"comment_status":"open","ping_status":"open","sticky":false,"template":"","format":"standard","meta":{"_et_pb_use_builder":"on","_et_pb_old_content":"","_et_gb_content_width":"2880","footnotes":""},"categories":[9],"tags":[56,57,58,55],"aioseo_notices":[],"_links":{"self":[{"href":"https:\/\/buerger-fuer-chemnitz.com\/index.php?rest_route=\/wp\/v2\/posts\/678"}],"collection":[{"href":"https:\/\/buerger-fuer-chemnitz.com\/index.php?rest_route=\/wp\/v2\/posts"}],"about":[{"href":"https:\/\/buerger-fuer-chemnitz.com\/index.php?rest_route=\/wp\/v2\/types\/post"}],"author":[{"embeddable":true,"href":"https:\/\/buerger-fuer-chemnitz.com\/index.php?rest_route=\/wp\/v2\/users\/2"}],"replies":[{"embeddable":true,"href":"https:\/\/buerger-fuer-chemnitz.com\/index.php?rest_route=%2Fwp%2Fv2%2Fcomments&post=678"}],"version-history":[{"count":3,"href":"https:\/\/buerger-fuer-chemnitz.com\/index.php?rest_route=\/wp\/v2\/posts\/678\/revisions"}],"predecessor-version":[{"id":684,"href":"https:\/\/buerger-fuer-chemnitz.com\/index.php?rest_route=\/wp\/v2\/posts\/678\/revisions\/684"}],"wp:featuredmedia":[{"embeddable":true,"href":"https:\/\/buerger-fuer-chemnitz.com\/index.php?rest_route=\/wp\/v2\/media\/682"}],"wp:attachment":[{"href":"https:\/\/buerger-fuer-chemnitz.com\/index.php?rest_route=%2Fwp%2Fv2%2Fmedia&parent=678"}],"wp:term":[{"taxonomy":"category","embeddable":true,"href":"https:\/\/buerger-fuer-chemnitz.com\/index.php?rest_route=%2Fwp%2Fv2%2Fcategories&post=678"},{"taxonomy":"post_tag","embeddable":true,"href":"https:\/\/buerger-fuer-chemnitz.com\/index.php?rest_route=%2Fwp%2Fv2%2Ftags&post=678"}],"curies":[{"name":"wp","href":"https:\/\/api.w.org\/{rel}","templated":true}]}}