{"id":711,"date":"2023-10-16T19:11:40","date_gmt":"2023-10-16T19:11:40","guid":{"rendered":"https:\/\/buerger-fuer-chemnitz.com\/?p=711"},"modified":"2023-10-22T19:13:25","modified_gmt":"2023-10-22T19:13:25","slug":"kreta_chemnitz","status":"publish","type":"post","link":"https:\/\/buerger-fuer-chemnitz.com\/?p=711","title":{"rendered":"kreta_chemnitz"},"content":{"rendered":"\n[et_pb_section fb_built=&#8220;1&#8243; _builder_version=&#8220;4.21.0&#8243; _module_preset=&#8220;default&#8220; custom_padding=&#8220;18px|||||&#8220; global_colors_info=&#8220;{}&#8220; theme_builder_area=&#8220;post_content&#8220; min_height=&#8220;253.4px&#8220;][et_pb_row _builder_version=&#8220;4.21.0&#8243; _module_preset=&#8220;default&#8220; custom_padding=&#8220;0px|||||&#8220; global_colors_info=&#8220;{}&#8220; theme_builder_area=&#8220;post_content&#8220;][et_pb_column type=&#8220;4_4&#8243; _builder_version=&#8220;4.21.0&#8243; _module_preset=&#8220;default&#8220; global_colors_info=&#8220;{}&#8220; theme_builder_area=&#8220;post_content&#8220;][et_pb_text _builder_version=&#8220;4.21.0&#8243; _module_preset=&#8220;default&#8220; text_font=&#8220;Arial||||||||&#8220; global_colors_info=&#8220;{}&#8220; theme_builder_area=&#8220;post_content&#8220;]<p><em>Beitrag von Holger Regber<\/em><\/p>\n<p>Vom 7. bis 15. Oktober 2023 bietet eine studentische Initiative sogenannte Kritische Einf\u00fchrungstage (Kreta) f\u00fcr die Studenten der TU Chemnitz an. Im Programm finden sich Veranstaltungen mit dem Titel \u201eJetzt oder Nie! Streik an der Universit\u00e4t\u201c, \u201eKritik der M\u00e4nnlichkeit statt kritische M\u00e4nnlichkeit\u201c oder \u201eAntikapitalistische P\u00e4dagogik\u201c. Gef\u00f6rdert wird diese Initiative unter anderem von der B\u00fcrgerplattform Chemnitz-Mitte und der Kulturf\u00f6rderung der Stadt Chemnitz. So l\u00e4sst sich das Steuergeld der Chemnitzer B\u00fcrger gut f\u00fcr die Abschaffung der Chemnitzer B\u00fcrgerlichkeit einsetzen.<\/p>\n<p><a href=\"https:\/\/kretakms.blackblogs.org\/\">https:\/\/kretakms.blackblogs.org\/<\/a><\/p>\n<p>&nbsp;<\/p>[\/et_pb_text][\/et_pb_column][\/et_pb_row][\/et_pb_section][et_pb_section fb_built=&#8220;1&#8243; _builder_version=&#8220;4.23&#8243; _module_preset=&#8220;default&#8220; global_colors_info=&#8220;{}&#8220; theme_builder_area=&#8220;post_content&#8220;][et_pb_row _builder_version=&#8220;4.23&#8243; _module_preset=&#8220;default&#8220; global_colors_info=&#8220;{}&#8220; theme_builder_area=&#8220;post_content&#8220;][et_pb_column type=&#8220;4_4&#8243; _builder_version=&#8220;4.23&#8243; _module_preset=&#8220;default&#8220; global_colors_info=&#8220;{}&#8220; theme_builder_area=&#8220;post_content&#8220;][et_pb_image src=&#8220;https:\/\/buerger-fuer-chemnitz.com\/wp-content\/uploads\/2023\/10\/Kreta2.jpg&#8220; _builder_version=&#8220;4.23&#8243; _module_preset=&#8220;default&#8220; hover_enabled=&#8220;0&#8243; global_colors_info=&#8220;{}&#8220; theme_builder_area=&#8220;post_content&#8220; title_text=&#8220;Kreta2&#8243; sticky_enabled=&#8220;0&#8243;][\/et_pb_image][\/et_pb_column][\/et_pb_row][\/et_pb_section][et_pb_section fb_built=&#8220;1&#8243; theme_builder_area=&#8220;post_content&#8220; _builder_version=&#8220;4.23&#8243; _module_preset=&#8220;default&#8220;][et_pb_row _builder_version=&#8220;4.23&#8243; _module_preset=&#8220;default&#8220; theme_builder_area=&#8220;post_content&#8220;][et_pb_column _builder_version=&#8220;4.23&#8243; _module_preset=&#8220;default&#8220; theme_builder_area=&#8220;post_content&#8220; type=&#8220;4_4&#8243;][et_pb_image src=&#8220;https:\/\/buerger-fuer-chemnitz.com\/wp-content\/uploads\/2023\/10\/Kreta1-1.jpg&#8220; _builder_version=&#8220;4.23&#8243; _module_preset=&#8220;default&#8220; theme_builder_area=&#8220;post_content&#8220; hover_enabled=&#8220;0&#8243; sticky_enabled=&#8220;0&#8243;][\/et_pb_image][\/et_pb_column][\/et_pb_row][\/et_pb_section]\n","protected":false},"excerpt":{"rendered":"<p>Beitrag von Holger Regber Vom 7. bis 15. Oktober 2023 bietet eine studentische Initiative sogenannte Kritische Einf\u00fchrungstage (Kreta) f\u00fcr die Studenten der TU Chemnitz an. Im Programm finden sich Veranstaltungen mit dem Titel \u201eJetzt oder Nie! Streik an der Universit\u00e4t\u201c, \u201eKritik der M\u00e4nnlichkeit statt kritische M\u00e4nnlichkeit\u201c oder \u201eAntikapitalistische P\u00e4dagogik\u201c. Gef\u00f6rdert wird diese Initiative unter anderem [&hellip;]<\/p>\n","protected":false},"author":1,"featured_media":718,"comment_status":"open","ping_status":"open","sticky":false,"template":"","format":"standard","meta":{"_et_pb_use_builder":"on","_et_pb_old_content":"","_et_gb_content_width":"2880","footnotes":""},"categories":[9],"tags":[],"aioseo_notices":[],"_links":{"self":[{"href":"https:\/\/buerger-fuer-chemnitz.com\/index.php?rest_route=\/wp\/v2\/posts\/711"}],"collection":[{"href":"https:\/\/buerger-fuer-chemnitz.com\/index.php?rest_route=\/wp\/v2\/posts"}],"about":[{"href":"https:\/\/buerger-fuer-chemnitz.com\/index.php?rest_route=\/wp\/v2\/types\/post"}],"author":[{"embeddable":true,"href":"https:\/\/buerger-fuer-chemnitz.com\/index.php?rest_route=\/wp\/v2\/users\/1"}],"replies":[{"embeddable":true,"href":"https:\/\/buerger-fuer-chemnitz.com\/index.php?rest_route=%2Fwp%2Fv2%2Fcomments&post=711"}],"version-history":[{"count":3,"href":"https:\/\/buerger-fuer-chemnitz.com\/index.php?rest_route=\/wp\/v2\/posts\/711\/revisions"}],"predecessor-version":[{"id":719,"href":"https:\/\/buerger-fuer-chemnitz.com\/index.php?rest_route=\/wp\/v2\/posts\/711\/revisions\/719"}],"wp:featuredmedia":[{"embeddable":true,"href":"https:\/\/buerger-fuer-chemnitz.com\/index.php?rest_route=\/wp\/v2\/media\/718"}],"wp:attachment":[{"href":"https:\/\/buerger-fuer-chemnitz.com\/index.php?rest_route=%2Fwp%2Fv2%2Fmedia&parent=711"}],"wp:term":[{"taxonomy":"category","embeddable":true,"href":"https:\/\/buerger-fuer-chemnitz.com\/index.php?rest_route=%2Fwp%2Fv2%2Fcategories&post=711"},{"taxonomy":"post_tag","embeddable":true,"href":"https:\/\/buerger-fuer-chemnitz.com\/index.php?rest_route=%2Fwp%2Fv2%2Ftags&post=711"}],"curies":[{"name":"wp","href":"https:\/\/api.w.org\/{rel}","templated":true}]}}